{"id":3112,"date":"2023-03-20T15:32:51","date_gmt":"2023-03-20T19:32:51","guid":{"rendered":"https:\/\/furiesfestival.com\/brigade-furies-2023-appel-de-benevoles\/"},"modified":"2023-04-04T10:40:11","modified_gmt":"2023-04-04T14:40:11","slug":"brigade-furies-2023-appel-de-benevoles","status":"publish","type":"post","link":"https:\/\/furiesfestival.com\/en\/brigade-furies-2023-appel-de-benevoles\/","title":{"rendered":"Brigade FURIES 2023 &#8211; appel de b\u00e9n\u00e9voles"},"content":{"rendered":"\t\t<div data-elementor-type=\"wp-post\" data-elementor-id=\"3112\" class=\"elementor elementor-3112\" data-elementor-post-type=\"post\">\n\t\t\t\t\t\t<section class=\"elementor-section elementor-top-section elementor-element elementor-element-33a608de elementor-section-full_width elementor-section-height-default elementor-section-height-default\" data-id=\"33a608de\" data-element_type=\"section\">\n\t\t\t\t\t\t<div class=\"elementor-container elementor-column-gap-no\">\n\t\t\t\t\t<div class=\"elementor-column elementor-col-100 elementor-top-column elementor-element elementor-element-3a6f3935\" data-id=\"3a6f3935\" data-element_type=\"column\">\n\t\t\t<div class=\"elementor-widget-wrap elementor-element-populated\">\n\t\t\t\t\t\t<div class=\"elementor-element elementor-element-4444d62a elementor-widget elementor-widget-image\" data-id=\"4444d62a\" data-element_type=\"widget\" data-widget_type=\"image.default\">\n\t\t\t\t<div class=\"elementor-widget-container\">\n\t\t\t<style>\/*! elementor - v3.21.0 - 08-05-2024 *\/\n.elementor-widget-image{text-align:center}.elementor-widget-image a{display:inline-block}.elementor-widget-image a img[src$=\".svg\"]{width:48px}.elementor-widget-image img{vertical-align:middle;display:inline-block}<\/style>\t\t\t\t\t\t\t<figure class=\"wp-caption\">\n\t\t\t\t\t\t\t\t\t\t<img decoding=\"async\" src=\"https:\/\/furiesfestival.com\/wp-content\/uploads\/elementor\/thumbs\/brigade-2022-format-entente-pas-web-rkt4xdz68g7054xof9ennwcwt8kjiqeoa1a5yj4brc.png\" title=\"Mo\u00efse Marcoux-Chabot\" alt=\"Photo : Mo\u00efse Marcoux-Chabot | \nPier-Luc Lussier, Sovann Rochon-Prom Tep, Laurence Lallier-Roussin | membres de la Brigade FURIES 2022\" loading=\"lazy\" \/>\t\t\t\t\t\t\t\t\t\t\t<figcaption class=\"widget-image-caption wp-caption-text\">Photo : Mo\u00efse Marcoux-Chabot | \nPier-Luc Lussier, Sovann Rochon-Prom Tep, Laurence Lallier-Roussin | membres de la Brigade FURIES 2022<\/figcaption>\n\t\t\t\t\t\t\t\t\t\t<\/figure>\n\t\t\t\t\t\t\t<\/div>\n\t\t\t\t<\/div>\n\t\t\t\t<div class=\"elementor-element elementor-element-2942905 elementor-widget elementor-widget-spacer\" data-id=\"2942905\" data-element_type=\"widget\" data-widget_type=\"spacer.default\">\n\t\t\t\t<div class=\"elementor-widget-container\">\n\t\t\t<style>\/*! elementor - v3.21.0 - 08-05-2024 *\/\n.elementor-column .elementor-spacer-inner{height:var(--spacer-size)}.e-con{--container-widget-width:100%}.e-con-inner>.elementor-widget-spacer,.e-con>.elementor-widget-spacer{width:var(--container-widget-width,var(--spacer-size));--align-self:var(--container-widget-align-self,initial);--flex-shrink:0}.e-con-inner>.elementor-widget-spacer>.elementor-widget-container,.e-con>.elementor-widget-spacer>.elementor-widget-container{height:100%;width:100%}.e-con-inner>.elementor-widget-spacer>.elementor-widget-container>.elementor-spacer,.e-con>.elementor-widget-spacer>.elementor-widget-container>.elementor-spacer{height:100%}.e-con-inner>.elementor-widget-spacer>.elementor-widget-container>.elementor-spacer>.elementor-spacer-inner,.e-con>.elementor-widget-spacer>.elementor-widget-container>.elementor-spacer>.elementor-spacer-inner{height:var(--container-widget-height,var(--spacer-size))}.e-con-inner>.elementor-widget-spacer.elementor-widget-empty,.e-con>.elementor-widget-spacer.elementor-widget-empty{position:relative;min-height:22px;min-width:22px}.e-con-inner>.elementor-widget-spacer.elementor-widget-empty .elementor-widget-empty-icon,.e-con>.elementor-widget-spacer.elementor-widget-empty .elementor-widget-empty-icon{position:absolute;top:0;bottom:0;left:0;right:0;margin:auto;padding:0;width:22px;height:22px}<\/style>\t\t<div class=\"elementor-spacer\">\n\t\t\t<div class=\"elementor-spacer-inner\"><\/div>\n\t\t<\/div>\n\t\t\t\t<\/div>\n\t\t\t\t<\/div>\n\t\t\t\t\t<\/div>\n\t\t<\/div>\n\t\t\t\t\t<\/div>\n\t\t<\/section>\n\t\t\t\t<section class=\"elementor-section elementor-top-section elementor-element elementor-element-3899d5f2 elementor-section-boxed elementor-section-height-default elementor-section-height-default\" data-id=\"3899d5f2\" data-element_type=\"section\">\n\t\t\t\t\t\t<div class=\"elementor-container elementor-column-gap-default\">\n\t\t\t\t\t<div class=\"elementor-column elementor-col-100 elementor-top-column elementor-element elementor-element-6ded4147\" data-id=\"6ded4147\" data-element_type=\"column\">\n\t\t\t<div class=\"elementor-widget-wrap elementor-element-populated\">\n\t\t\t\t\t\t<div class=\"elementor-element elementor-element-6a5f4c0e elementor-widget elementor-widget-heading\" data-id=\"6a5f4c0e\" data-element_type=\"widget\" data-widget_type=\"heading.default\">\n\t\t\t\t<div class=\"elementor-widget-container\">\n\t\t\t<style>\/*! elementor - v3.21.0 - 08-05-2024 *\/\n.elementor-heading-title{padding:0;margin:0;line-height:1}.elementor-widget-heading .elementor-heading-title[class*=elementor-size-]>a{color:inherit;font-size:inherit;line-height:inherit}.elementor-widget-heading .elementor-heading-title.elementor-size-small{font-size:15px}.elementor-widget-heading .elementor-heading-title.elementor-size-medium{font-size:19px}.elementor-widget-heading .elementor-heading-title.elementor-size-large{font-size:29px}.elementor-widget-heading .elementor-heading-title.elementor-size-xl{font-size:39px}.elementor-widget-heading .elementor-heading-title.elementor-size-xxl{font-size:59px}<\/style><h1 class=\"elementor-heading-title elementor-size-default\">Call for applications closed<\/h1>\t\t<\/div>\n\t\t\t\t<\/div>\n\t\t\t\t<div class=\"elementor-element elementor-element-4f5f429 elementor-widget elementor-widget-heading\" data-id=\"4f5f429\" data-element_type=\"widget\" data-widget_type=\"heading.default\">\n\t\t\t\t<div class=\"elementor-widget-container\">\n\t\t\t<h4 class=\"elementor-heading-title elementor-size-default\">BRIGADE FURIES 2023 - Information available in French only<\/h4>\t\t<\/div>\n\t\t\t\t<\/div>\n\t\t\t\t<div class=\"elementor-element elementor-element-252ff392 elementor-widget elementor-widget-text-editor\" data-id=\"252ff392\" data-element_type=\"widget\" data-widget_type=\"text-editor.default\">\n\t\t\t\t<div class=\"elementor-widget-container\">\n\t\t\t<style>\/*! elementor - v3.21.0 - 08-05-2024 *\/\n.elementor-widget-text-editor.elementor-drop-cap-view-stacked .elementor-drop-cap{background-color:#69727d;color:#fff}.elementor-widget-text-editor.elementor-drop-cap-view-framed .elementor-drop-cap{color:#69727d;border:3px solid;background-color:transparent}.elementor-widget-text-editor:not(.elementor-drop-cap-view-default) .elementor-drop-cap{margin-top:8px}.elementor-widget-text-editor:not(.elementor-drop-cap-view-default) .elementor-drop-cap-letter{width:1em;height:1em}.elementor-widget-text-editor .elementor-drop-cap{float:left;text-align:center;line-height:1;font-size:50px}.elementor-widget-text-editor .elementor-drop-cap-letter{display:inline-block}<\/style>\t\t\t\t<p>FURIES &#8211; festival de danse contemporaine est \u00e0 la recherche des membres de sa Brigade de b\u00e9n\u00e9voles pour sa 4e \u00e9dition, qui aura lieu du 27 juillet au 30 juillet 2023 en Haute-Gasp\u00e9sie, pr\u00e9c\u00e9d\u00e9e d\u2019une <a href=\"https:\/\/furiesfestival.com\/en\/pro-day\/\" target=\"_blank\" rel=\"noopener\">Journ\u00e9e PRO<\/a> le 26 juillet 2023. Vous avez envie de mettre \u00e0 profit vos comp\u00e9tences et votre motivation, tout en vivant une exp\u00e9rience hors du commun dans un environnement stimulant? La Brigade FURIES est faite pour vous!<\/p>\n\t\t\t\t\t\t<\/div>\n\t\t\t\t<\/div>\n\t\t\t\t<div class=\"elementor-element elementor-element-d908d6f elementor-widget elementor-widget-text-editor\" data-id=\"d908d6f\" data-element_type=\"widget\" data-widget_type=\"text-editor.default\">\n\t\t\t\t<div class=\"elementor-widget-container\">\n\t\t\t\t\t\t\t<h4><span style=\"font-weight: 400;\">CONTEXTE ET MANDAT<\/span><\/h4>\n<p><span style=\"font-weight: 400;\">La Brigade FURIES est une \u00e9quipe de b\u00e9n\u00e9voles qui se rendent disponibles de mani\u00e8re intensive du 25 au 31 juillet 2023 et qui seront affect\u00e9\u00b7e\u00b7s \u00e0 diff\u00e9rentes t\u00e2ches. En assurant une pr\u00e9sence continue des m\u00eames personnes pendant tout l\u2019\u00e9v\u00e9nement, FURIES souhaite cr\u00e9er une cohorte solide et encourager la collaboration entre les diff\u00e9rentes parties prenant part au festival : l&#8217;\u00e9quipe du festival, les b\u00e9n\u00e9voles, les artistes et bien s\u00fbr, le public!<\/span><\/p>\n<p><span style=\"font-weight: 400;\">En vous engageant dans la Brigade FURIES 2023, vous pourriez \u00eatre sollicit\u00e9\u00b7e pour soutenir :<\/span><\/p>\n<ul>\n<li><span style=\"font-weight: 400;\">l&#8217;\u00e9quipe d&#8217;accueil du festival : orientation des artistes et du public, validation des billets, surveillance des sites de performances, etc.;<\/span><\/li>\n<li style=\"font-weight: 400;\" aria-level=\"1\"><span style=\"font-weight: 400;\">l&#8217;\u00e9quipe de L&#8217;Hybride et des bars \u00e9ph\u00e9m\u00e8res du festival : vente de boissons et de nourriture;<\/span><\/li>\n<li style=\"font-weight: 400;\" aria-level=\"1\"><span style=\"font-weight: 400;\">l&#8217;\u00e9quipe de production du festival : courses, montages et d\u00e9montages techniques, transport de mat\u00e9riel, soutien au service traiteur, m\u00e9nage, vaisselle, affichage, etc.<\/span><\/li>\n<\/ul>\n<h4><span style=\"font-weight: 400;\"><br \/>CE QUE NOUS CHERCHONS CHEZ LES B\u00c9N\u00c9VOLES DE LA BRIGADE<\/span><\/h4>\n<ul>\n<li><span style=\"font-weight: 400;\">Esprit d\u2019\u00e9quipe<\/span><\/li>\n<li><span style=\"font-weight: 400;\">Bonne humeur<\/span><\/li>\n<li><span style=\"font-weight: 400;\">Entregent et facilit\u00e9 \u00e0 entrer en contact avec les gens<\/span><\/li>\n<li><span style=\"font-weight: 400;\">Bilinguisme, un atout<\/span><\/li>\n<li><span style=\"font-weight: 400;\">Permis de conduire, un atout<\/span><\/li>\n<\/ul>\n<h4><span style=\"font-weight: 400;\"><br \/>CE QUE NOUS OFFRONS\u00a0<\/span><\/h4>\n<ul>\n<li style=\"font-weight: 400;\" aria-level=\"1\"><span style=\"font-weight: 400;\">Une exp\u00e9rience intensive unique et des rencontres transformatrices;<\/span><\/li>\n<li style=\"font-weight: 400;\" aria-level=\"1\"><span style=\"font-weight: 400;\">Acc\u00e8s gratuit \u00e0 l&#8217;ensemble des performances, ateliers et activit\u00e9s connexes du festival (selon l&#8217;horaire des b\u00e9n\u00e9voles \u00e9tabli);<\/span><\/li>\n<li style=\"font-weight: 400;\" aria-level=\"1\"><span style=\"font-weight: 400;\">H\u00e9bergement de base, parfois dans un contexte d\u2019occupation double (camping, h\u00e9bergement rustique, dortoir ou chambre rudimentaire, toujours avec un acc\u00e8s cuisine et salle de bain);<\/span><\/li>\n<li style=\"font-weight: 400;\" aria-level=\"1\"><span style=\"font-weight: 400;\">Repas du soir offerts par le festival du 25 au 30 juillet inclusivement;<\/span><\/li>\n<li style=\"font-weight: 400;\" aria-level=\"1\"><span style=\"font-weight: 400;\">Contribution mon\u00e9taire symbolique pour l&#8217;utilisation d&#8217;un v\u00e9hicule personnel durant le festival.<\/span><\/li>\n<\/ul>\n<h4><span style=\"font-weight: 400;\"><br \/>CE QUI EST \u00c0 VOTRE CHARGE<\/span><\/h4>\n<ul>\n<li style=\"font-weight: 400;\" aria-level=\"1\"><span style=\"font-weight: 400;\">Organiser et payer vos d\u00e9placements avant et apr\u00e8s le festival;<\/span><\/li>\n<li style=\"font-weight: 400;\" aria-level=\"1\"><span style=\"font-weight: 400;\">Payer votre \u00e9picerie ou vos repas (sauf les repas du soir offerts par le festival);<\/span><\/li>\n<li style=\"font-weight: 400;\" aria-level=\"1\"><span style=\"font-weight: 400;\">Trouver et payer votre propre h\u00e9bergement si les h\u00e9bergements en formule partag\u00e9e et rudimentaire que nous offrons ne vous conviennent pas.<\/span><\/li>\n<\/ul>\n<h4><span style=\"font-weight: 400;\"><br \/>HORAIRE<\/span><\/h4>\n<ul>\n<li style=\"font-weight: 400;\" aria-level=\"1\"><span style=\"font-weight: 400;\">Arriv\u00e9e le mardi 25 juillet 2023 &#8211; souper d&#8217;accueil;<\/span><\/li>\n<li style=\"font-weight: 400;\" aria-level=\"1\"><span style=\"font-weight: 400;\">Journ\u00e9e PRO et festival du mercredi 26 au dimanche 30 juillet 2023;<\/span><\/li>\n<li style=\"font-weight: 400;\" aria-level=\"1\"><span style=\"font-weight: 400;\">D\u00e9part le lundi 31 juillet 2023.\u00a0\u00a0<\/span><\/li>\n<\/ul>\n<h4><span style=\"font-weight: 400;\"><br \/>DATE LIMITE ET R\u00c9PONSE<\/span><\/h4>\n<p><span style=\"font-weight: 400;\">Cette exp\u00e9rience unique vous int\u00e9resse? <a href=\"https:\/\/docs.google.com\/forms\/d\/1hO53e-Ql6f4uoQrHkx588Ly_qdWfhglG5Y1hXQ1dYSE\/edit\" target=\"_blank\" rel=\"noopener\">Remplissez le formulaire<\/a>\u00a0<\/span><b>avant le 3 avril 2023<\/b><span style=\"font-weight: 400;\">! Nous recevons toujours de nombreuses candidatures, mais nous prenons le temps de r\u00e9pondre \u00e0 toutes les personnes int\u00e9ress\u00e9es. Les personnes s\u00e9lectionn\u00e9es pour faire partie de la Brigade 2023 seront confirm\u00e9es au d\u00e9but du mois de mai.<\/span><\/p>\n<p><span style=\"font-weight: 400;\">Pour toute question, \u00e9crivez-nous \u00e0 <\/span><a href=\"http:\/\/accueil@furiesfestival.com\/\"><span style=\"font-weight: 400;\">accueil@furiesfestival.com<\/span><\/a><\/p>\n\t\t\t\t\t\t<\/div>\n\t\t\t\t<\/div>\n\t\t\t\t<div class=\"elementor-element elementor-element-475239ad elementor-widget elementor-widget-button\" data-id=\"475239ad\" data-element_type=\"widget\" data-widget_type=\"button.default\">\n\t\t\t\t<div class=\"elementor-widget-container\">\n\t\t\t\t\t<div class=\"elementor-button-wrapper\">\n\t\t\t<a class=\"elementor-button elementor-button-link elementor-size-lg\" href=\"https:\/\/docs.google.com\/forms\/d\/1hO53e-Ql6f4uoQrHkx588Ly_qdWfhglG5Y1hXQ1dYSE\/edit\" target=\"_blank\">\n\t\t\t\t\t\t<span class=\"elementor-button-content-wrapper\">\n\t\t\t\t\t\t<span class=\"elementor-button-icon elementor-align-icon-left\">\n\t\t\t\t<i aria-hidden=\"true\" class=\"far fa-handshake\"><\/i>\t\t\t<\/span>\n\t\t\t\t\t\t\t\t\t<span class=\"elementor-button-text\">Rejoindre la Brigade<\/span>\n\t\t\t\t\t<\/span>\n\t\t\t\t\t<\/a>\n\t\t<\/div>\n\t\t\t\t<\/div>\n\t\t\t\t<\/div>\n\t\t\t\t<div class=\"elementor-element elementor-element-8012724 elementor-widget elementor-widget-heading\" data-id=\"8012724\" data-element_type=\"widget\" data-widget_type=\"heading.default\">\n\t\t\t\t<div class=\"elementor-widget-container\">\n\t\t\t<h1 class=\"elementor-heading-title elementor-size-default\">Call for applications closed<\/h1>\t\t<\/div>\n\t\t\t\t<\/div>\n\t\t\t\t\t<\/div>\n\t\t<\/div>\n\t\t\t\t\t<\/div>\n\t\t<\/section>\n\t\t\t\t<\/div>\n\t\t","protected":false},"excerpt":{"rendered":"<p>Photo : Mo\u00efse Marcoux-Chabot | Pier-Luc Lussier, Sovann Rochon-Prom Tep, Laurence Lallier-Roussin | membres de la Brigade FURIES 2022 Call for applications closed BRIGADE FURIES 2023 &#8211; Information available in French only FURIES &#8211; festival de danse contemporaine est \u00e0 la recherche des membres de sa Brigade de b\u00e9n\u00e9voles pour sa 4e \u00e9dition, qui aura [&hellip;]<\/p>\n","protected":false},"author":1,"featured_media":0,"comment_status":"closed","ping_status":"open","sticky":false,"template":"elementor_header_footer","format":"standard","meta":{"_acf_changed":false,"footnotes":""},"categories":[3],"tags":[],"class_list":["post-3112","post","type-post","status-publish","format-standard","hentry","category-uncategorized"],"acf":[],"yoast_head":"<!-- This site is optimized with the Yoast SEO plugin v22.7 - https:\/\/yoast.com\/wordpress\/plugins\/seo\/ -->\n<title>Brigade FURIES 2023 - appel de b\u00e9n\u00e9voles - FURIES<\/title>\n<meta name=\"robots\" content=\"index, follow, max-snippet:-1, max-image-preview:large, max-video-preview:-1\" \/>\n<link rel=\"canonical\" href=\"https:\/\/furiesfestival.com\/brigade-2023\/\" \/>\n<meta property=\"og:locale\" content=\"en_US\" \/>\n<meta property=\"og:type\" content=\"article\" \/>\n<meta property=\"og:title\" content=\"Brigade FURIES 2023 - appel de b\u00e9n\u00e9voles - FURIES\" \/>\n<meta property=\"og:description\" content=\"Photo : Mo\u00efse Marcoux-Chabot | Pier-Luc Lussier, Sovann Rochon-Prom Tep, Laurence Lallier-Roussin | membres de la Brigade FURIES 2022 Call for applications closed BRIGADE FURIES 2023 &#8211; Information available in French only FURIES &#8211; festival de danse contemporaine est \u00e0 la recherche des membres de sa Brigade de b\u00e9n\u00e9voles pour sa 4e \u00e9dition, qui aura [&hellip;]\" \/>\n<meta property=\"og:url\" content=\"https:\/\/furiesfestival.com\/brigade-2023\/\" \/>\n<meta property=\"og:site_name\" content=\"FURIES\" \/>\n<meta property=\"article:published_time\" content=\"2023-03-20T19:32:51+00:00\" \/>\n<meta property=\"article:modified_time\" content=\"2023-04-04T14:40:11+00:00\" \/>\n<meta property=\"og:image\" content=\"https:\/\/furiesfestival.com\/wp-content\/uploads\/elementor\/thumbs\/brigade-2022-format-entente-pas-web-q3t3bygsvklmbxuc4v412s6no6d6w4uucivforl0cg.png\" \/>\n<meta name=\"author\" content=\"furiesfestival\" \/>\n<meta name=\"twitter:card\" content=\"summary_large_image\" \/>\n<meta name=\"twitter:label1\" content=\"Written by\" \/>\n\t<meta name=\"twitter:data1\" content=\"furiesfestival\" \/>\n\t<meta name=\"twitter:label2\" content=\"Est. reading time\" \/>\n\t<meta name=\"twitter:data2\" content=\"3 minutes\" \/>\n<script type=\"application\/ld+json\" class=\"yoast-schema-graph\">{\"@context\":\"https:\/\/schema.org\",\"@graph\":[{\"@type\":\"Article\",\"@id\":\"https:\/\/furiesfestival.com\/brigade-2023\/#article\",\"isPartOf\":{\"@id\":\"https:\/\/furiesfestival.com\/brigade-2023\/\"},\"author\":{\"name\":\"furiesfestival\",\"@id\":\"https:\/\/furiesfestival.com\/#\/schema\/person\/fa1f31668b119174dffa0b55f7495cc2\"},\"headline\":\"Brigade FURIES 2023 &#8211; appel de b\u00e9n\u00e9voles\",\"datePublished\":\"2023-03-20T19:32:51+00:00\",\"dateModified\":\"2023-04-04T14:40:11+00:00\",\"mainEntityOfPage\":{\"@id\":\"https:\/\/furiesfestival.com\/brigade-2023\/\"},\"wordCount\":553,\"publisher\":{\"@id\":\"https:\/\/furiesfestival.com\/#organization\"},\"image\":{\"@id\":\"https:\/\/furiesfestival.com\/brigade-2023\/#primaryimage\"},\"thumbnailUrl\":\"https:\/\/furiesfestival.com\/wp-content\/uploads\/elementor\/thumbs\/brigade-2022-format-entente-pas-web-q3t3bygsvklmbxuc4v412s6no6d6w4uucivforl0cg.png\",\"inLanguage\":\"en-US\"},{\"@type\":\"WebPage\",\"@id\":\"https:\/\/furiesfestival.com\/brigade-2023\/\",\"url\":\"https:\/\/furiesfestival.com\/brigade-2023\/\",\"name\":\"Brigade FURIES 2023 - appel de b\u00e9n\u00e9voles - FURIES\",\"isPartOf\":{\"@id\":\"https:\/\/furiesfestival.com\/#website\"},\"primaryImageOfPage\":{\"@id\":\"https:\/\/furiesfestival.com\/brigade-2023\/#primaryimage\"},\"image\":{\"@id\":\"https:\/\/furiesfestival.com\/brigade-2023\/#primaryimage\"},\"thumbnailUrl\":\"https:\/\/furiesfestival.com\/wp-content\/uploads\/elementor\/thumbs\/brigade-2022-format-entente-pas-web-q3t3bygsvklmbxuc4v412s6no6d6w4uucivforl0cg.png\",\"datePublished\":\"2023-03-20T19:32:51+00:00\",\"dateModified\":\"2023-04-04T14:40:11+00:00\",\"breadcrumb\":{\"@id\":\"https:\/\/furiesfestival.com\/brigade-2023\/#breadcrumb\"},\"inLanguage\":\"en-US\",\"potentialAction\":[{\"@type\":\"ReadAction\",\"target\":[\"https:\/\/furiesfestival.com\/brigade-2023\/\"]}]},{\"@type\":\"ImageObject\",\"inLanguage\":\"en-US\",\"@id\":\"https:\/\/furiesfestival.com\/brigade-2023\/#primaryimage\",\"url\":\"https:\/\/furiesfestival.com\/wp-content\/uploads\/elementor\/thumbs\/brigade-2022-format-entente-pas-web-q3t3bygsvklmbxuc4v412s6no6d6w4uucivforl0cg.png\",\"contentUrl\":\"https:\/\/furiesfestival.com\/wp-content\/uploads\/elementor\/thumbs\/brigade-2022-format-entente-pas-web-q3t3bygsvklmbxuc4v412s6no6d6w4uucivforl0cg.png\"},{\"@type\":\"BreadcrumbList\",\"@id\":\"https:\/\/furiesfestival.com\/brigade-2023\/#breadcrumb\",\"itemListElement\":[{\"@type\":\"ListItem\",\"position\":1,\"name\":\"Accueil\",\"item\":\"https:\/\/furiesfestival.com\/\"},{\"@type\":\"ListItem\",\"position\":2,\"name\":\"Brigade FURIES 2023 &#8211; appel de b\u00e9n\u00e9voles\"}]},{\"@type\":\"WebSite\",\"@id\":\"https:\/\/furiesfestival.com\/#website\",\"url\":\"https:\/\/furiesfestival.com\/\",\"name\":\"FURIES\",\"description\":\"festival de danse contemporaine\",\"publisher\":{\"@id\":\"https:\/\/furiesfestival.com\/#organization\"},\"potentialAction\":[{\"@type\":\"SearchAction\",\"target\":{\"@type\":\"EntryPoint\",\"urlTemplate\":\"https:\/\/furiesfestival.com\/?s={search_term_string}\"},\"query-input\":\"required name=search_term_string\"}],\"inLanguage\":\"en-US\"},{\"@type\":\"Organization\",\"@id\":\"https:\/\/furiesfestival.com\/#organization\",\"name\":\"FURIES\",\"url\":\"https:\/\/furiesfestival.com\/\",\"logo\":{\"@type\":\"ImageObject\",\"inLanguage\":\"en-US\",\"@id\":\"https:\/\/furiesfestival.com\/#\/schema\/logo\/image\/\",\"url\":\"https:\/\/furiesfestival.com\/wp-content\/uploads\/2022\/04\/Logo-F26.svg\",\"contentUrl\":\"https:\/\/furiesfestival.com\/wp-content\/uploads\/2022\/04\/Logo-F26.svg\",\"width\":210,\"height\":77,\"caption\":\"FURIES\"},\"image\":{\"@id\":\"https:\/\/furiesfestival.com\/#\/schema\/logo\/image\/\"}},{\"@type\":\"Person\",\"@id\":\"https:\/\/furiesfestival.com\/#\/schema\/person\/fa1f31668b119174dffa0b55f7495cc2\",\"name\":\"furiesfestival\",\"image\":{\"@type\":\"ImageObject\",\"inLanguage\":\"en-US\",\"@id\":\"https:\/\/furiesfestival.com\/#\/schema\/person\/image\/\",\"url\":\"https:\/\/secure.gravatar.com\/avatar\/1c4e85e55a44f8ed48c14a7c2a3ccd7206ef5b3f6f47615897489be5e2339f4a?s=96&d=mm&r=g\",\"contentUrl\":\"https:\/\/secure.gravatar.com\/avatar\/1c4e85e55a44f8ed48c14a7c2a3ccd7206ef5b3f6f47615897489be5e2339f4a?s=96&d=mm&r=g\",\"caption\":\"furiesfestival\"},\"sameAs\":[\"https:\/\/furiesfestival.com\"],\"url\":\"https:\/\/furiesfestival.com\/en\/author\/furiesfestival\/\"}]}<\/script>\n<!-- \/ Yoast SEO plugin. -->","yoast_head_json":{"title":"Brigade FURIES 2023 - appel de b\u00e9n\u00e9voles - FURIES","robots":{"index":"index","follow":"follow","max-snippet":"max-snippet:-1","max-image-preview":"max-image-preview:large","max-video-preview":"max-video-preview:-1"},"canonical":"https:\/\/furiesfestival.com\/brigade-2023\/","og_locale":"en_US","og_type":"article","og_title":"Brigade FURIES 2023 - appel de b\u00e9n\u00e9voles - FURIES","og_description":"Photo : Mo\u00efse Marcoux-Chabot | Pier-Luc Lussier, Sovann Rochon-Prom Tep, Laurence Lallier-Roussin | membres de la Brigade FURIES 2022 Call for applications closed BRIGADE FURIES 2023 &#8211; Information available in French only FURIES &#8211; festival de danse contemporaine est \u00e0 la recherche des membres de sa Brigade de b\u00e9n\u00e9voles pour sa 4e \u00e9dition, qui aura [&hellip;]","og_url":"https:\/\/furiesfestival.com\/brigade-2023\/","og_site_name":"FURIES","article_published_time":"2023-03-20T19:32:51+00:00","article_modified_time":"2023-04-04T14:40:11+00:00","og_image":[{"url":"https:\/\/furiesfestival.com\/wp-content\/uploads\/elementor\/thumbs\/brigade-2022-format-entente-pas-web-q3t3bygsvklmbxuc4v412s6no6d6w4uucivforl0cg.png"}],"author":"furiesfestival","twitter_card":"summary_large_image","twitter_misc":{"Written by":"furiesfestival","Est. reading time":"3 minutes"},"schema":{"@context":"https:\/\/schema.org","@graph":[{"@type":"Article","@id":"https:\/\/furiesfestival.com\/brigade-2023\/#article","isPartOf":{"@id":"https:\/\/furiesfestival.com\/brigade-2023\/"},"author":{"name":"furiesfestival","@id":"https:\/\/furiesfestival.com\/#\/schema\/person\/fa1f31668b119174dffa0b55f7495cc2"},"headline":"Brigade FURIES 2023 &#8211; appel de b\u00e9n\u00e9voles","datePublished":"2023-03-20T19:32:51+00:00","dateModified":"2023-04-04T14:40:11+00:00","mainEntityOfPage":{"@id":"https:\/\/furiesfestival.com\/brigade-2023\/"},"wordCount":553,"publisher":{"@id":"https:\/\/furiesfestival.com\/#organization"},"image":{"@id":"https:\/\/furiesfestival.com\/brigade-2023\/#primaryimage"},"thumbnailUrl":"https:\/\/furiesfestival.com\/wp-content\/uploads\/elementor\/thumbs\/brigade-2022-format-entente-pas-web-q3t3bygsvklmbxuc4v412s6no6d6w4uucivforl0cg.png","inLanguage":"en-US"},{"@type":"WebPage","@id":"https:\/\/furiesfestival.com\/brigade-2023\/","url":"https:\/\/furiesfestival.com\/brigade-2023\/","name":"Brigade FURIES 2023 - appel de b\u00e9n\u00e9voles - FURIES","isPartOf":{"@id":"https:\/\/furiesfestival.com\/#website"},"primaryImageOfPage":{"@id":"https:\/\/furiesfestival.com\/brigade-2023\/#primaryimage"},"image":{"@id":"https:\/\/furiesfestival.com\/brigade-2023\/#primaryimage"},"thumbnailUrl":"https:\/\/furiesfestival.com\/wp-content\/uploads\/elementor\/thumbs\/brigade-2022-format-entente-pas-web-q3t3bygsvklmbxuc4v412s6no6d6w4uucivforl0cg.png","datePublished":"2023-03-20T19:32:51+00:00","dateModified":"2023-04-04T14:40:11+00:00","breadcrumb":{"@id":"https:\/\/furiesfestival.com\/brigade-2023\/#breadcrumb"},"inLanguage":"en-US","potentialAction":[{"@type":"ReadAction","target":["https:\/\/furiesfestival.com\/brigade-2023\/"]}]},{"@type":"ImageObject","inLanguage":"en-US","@id":"https:\/\/furiesfestival.com\/brigade-2023\/#primaryimage","url":"https:\/\/furiesfestival.com\/wp-content\/uploads\/elementor\/thumbs\/brigade-2022-format-entente-pas-web-q3t3bygsvklmbxuc4v412s6no6d6w4uucivforl0cg.png","contentUrl":"https:\/\/furiesfestival.com\/wp-content\/uploads\/elementor\/thumbs\/brigade-2022-format-entente-pas-web-q3t3bygsvklmbxuc4v412s6no6d6w4uucivforl0cg.png"},{"@type":"BreadcrumbList","@id":"https:\/\/furiesfestival.com\/brigade-2023\/#breadcrumb","itemListElement":[{"@type":"ListItem","position":1,"name":"Accueil","item":"https:\/\/furiesfestival.com\/"},{"@type":"ListItem","position":2,"name":"Brigade FURIES 2023 &#8211; appel de b\u00e9n\u00e9voles"}]},{"@type":"WebSite","@id":"https:\/\/furiesfestival.com\/#website","url":"https:\/\/furiesfestival.com\/","name":"FURIES","description":"festival de danse contemporaine","publisher":{"@id":"https:\/\/furiesfestival.com\/#organization"},"potentialAction":[{"@type":"SearchAction","target":{"@type":"EntryPoint","urlTemplate":"https:\/\/furiesfestival.com\/?s={search_term_string}"},"query-input":"required name=search_term_string"}],"inLanguage":"en-US"},{"@type":"Organization","@id":"https:\/\/furiesfestival.com\/#organization","name":"FURIES","url":"https:\/\/furiesfestival.com\/","logo":{"@type":"ImageObject","inLanguage":"en-US","@id":"https:\/\/furiesfestival.com\/#\/schema\/logo\/image\/","url":"https:\/\/furiesfestival.com\/wp-content\/uploads\/2022\/04\/Logo-F26.svg","contentUrl":"https:\/\/furiesfestival.com\/wp-content\/uploads\/2022\/04\/Logo-F26.svg","width":210,"height":77,"caption":"FURIES"},"image":{"@id":"https:\/\/furiesfestival.com\/#\/schema\/logo\/image\/"}},{"@type":"Person","@id":"https:\/\/furiesfestival.com\/#\/schema\/person\/fa1f31668b119174dffa0b55f7495cc2","name":"furiesfestival","image":{"@type":"ImageObject","inLanguage":"en-US","@id":"https:\/\/furiesfestival.com\/#\/schema\/person\/image\/","url":"https:\/\/secure.gravatar.com\/avatar\/1c4e85e55a44f8ed48c14a7c2a3ccd7206ef5b3f6f47615897489be5e2339f4a?s=96&d=mm&r=g","contentUrl":"https:\/\/secure.gravatar.com\/avatar\/1c4e85e55a44f8ed48c14a7c2a3ccd7206ef5b3f6f47615897489be5e2339f4a?s=96&d=mm&r=g","caption":"furiesfestival"},"sameAs":["https:\/\/furiesfestival.com"],"url":"https:\/\/furiesfestival.com\/en\/author\/furiesfestival\/"}]}},"_links":{"self":[{"href":"https:\/\/furiesfestival.com\/en\/wp-json\/wp\/v2\/posts\/3112","targetHints":{"allow":["GET"]}}],"collection":[{"href":"https:\/\/furiesfestival.com\/en\/wp-json\/wp\/v2\/posts"}],"about":[{"href":"https:\/\/furiesfestival.com\/en\/wp-json\/wp\/v2\/types\/post"}],"author":[{"embeddable":true,"href":"https:\/\/furiesfestival.com\/en\/wp-json\/wp\/v2\/users\/1"}],"replies":[{"embeddable":true,"href":"https:\/\/furiesfestival.com\/en\/wp-json\/wp\/v2\/comments?post=3112"}],"version-history":[{"count":3,"href":"https:\/\/furiesfestival.com\/en\/wp-json\/wp\/v2\/posts\/3112\/revisions"}],"predecessor-version":[{"id":3170,"href":"https:\/\/furiesfestival.com\/en\/wp-json\/wp\/v2\/posts\/3112\/revisions\/3170"}],"wp:attachment":[{"href":"https:\/\/furiesfestival.com\/en\/wp-json\/wp\/v2\/media?parent=3112"}],"wp:term":[{"taxonomy":"category","embeddable":true,"href":"https:\/\/furiesfestival.com\/en\/wp-json\/wp\/v2\/categories?post=3112"},{"taxonomy":"post_tag","embeddable":true,"href":"https:\/\/furiesfestival.com\/en\/wp-json\/wp\/v2\/tags?post=3112"}],"curies":[{"name":"wp","href":"https:\/\/api.w.org\/{rel}","templated":true}]}}